{"id":3127,"date":"2022-05-16T09:32:13","date_gmt":"2022-05-16T12:32:13","guid":{"rendered":"https:\/\/justlaser.com.br\/alugueldelasers\/?p=3127"},"modified":"2022-05-16T09:32:13","modified_gmt":"2022-05-16T12:32:13","slug":"bb-laser-lavieen-pele-perfeita-e-uniformizada","status":"publish","type":"post","link":"https:\/\/justlaser.com.br\/alugueldelasers\/bb-laser-lavieen-pele-perfeita-e-uniformizada\/","title":{"rendered":"BB Laser Lavieen Pele perfeita e uniformizada!"},"content":{"rendered":"<p><img decoding=\"async\" class=\"alignnone size-medium wp-image-3128\" src=\"https:\/\/justlaser.com.br\/alugueldelasers\/wp-content\/uploads\/2022\/05\/justlaser_15-300x300.jpg\" alt=\"\" width=\"300\" height=\"300\" title=\"\" srcset=\"https:\/\/justlaser.com.br\/alugueldelasers\/wp-content\/uploads\/2022\/05\/justlaser_15-66x66.jpg 66w, https:\/\/justlaser.com.br\/alugueldelasers\/wp-content\/uploads\/2022\/05\/justlaser_15-150x150.jpg 150w, https:\/\/justlaser.com.br\/alugueldelasers\/wp-content\/uploads\/2022\/05\/justlaser_15-200x200.jpg 200w, https:\/\/justlaser.com.br\/alugueldelasers\/wp-content\/uploads\/2022\/05\/justlaser_15-300x300.jpg 300w, https:\/\/justlaser.com.br\/alugueldelasers\/wp-content\/uploads\/2022\/05\/justlaser_15-400x400.jpg 400w, https:\/\/justlaser.com.br\/alugueldelasers\/wp-content\/uploads\/2022\/05\/justlaser_15-500x500.jpg 500w, https:\/\/justlaser.com.br\/alugueldelasers\/wp-content\/uploads\/2022\/05\/justlaser_15-600x600.jpg 600w, https:\/\/justlaser.com.br\/alugueldelasers\/wp-content\/uploads\/2022\/05\/justlaser_15-700x700.jpg 700w, https:\/\/justlaser.com.br\/alugueldelasers\/wp-content\/uploads\/2022\/05\/justlaser_15-768x768.jpg 768w, https:\/\/justlaser.com.br\/alugueldelasers\/wp-content\/uploads\/2022\/05\/justlaser_15-800x800.jpg 800w, https:\/\/justlaser.com.br\/alugueldelasers\/wp-content\/uploads\/2022\/05\/justlaser_15-1024x1024.jpg 1024w, https:\/\/justlaser.com.br\/alugueldelasers\/wp-content\/uploads\/2022\/05\/justlaser_15.jpg 1080w\" sizes=\"(max-width: 300px) 100vw, 300px\" \/><\/p>\n<p class=\"p1\">Lavieen \u00e9 uma tecnologia vers\u00e1til, indicado para todos os tipos de pele, de todas as<br \/>\ntonalidades e tamb\u00e9m trata \u00e1reas n\u00e3o faciais e queda de cabelo.<\/p>\n","protected":false},"excerpt":{"rendered":"<p>Lavieen \u00e9 uma tecnologia vers\u00e1til, indicado para todos os tipos de pele, de todas [&hellip;]<\/p>\n","protected":false},"author":4,"featured_media":0,"comment_status":"open","ping_status":"open","sticky":false,"template":"","format":"standard","meta":{"footnotes":""},"categories":[1],"tags":[],"_links":{"self":[{"href":"https:\/\/justlaser.com.br\/alugueldelasers\/wp-json\/wp\/v2\/posts\/3127"}],"collection":[{"href":"https:\/\/justlaser.com.br\/alugueldelasers\/wp-json\/wp\/v2\/posts"}],"about":[{"href":"https:\/\/justlaser.com.br\/alugueldelasers\/wp-json\/wp\/v2\/types\/post"}],"author":[{"embeddable":true,"href":"https:\/\/justlaser.com.br\/alugueldelasers\/wp-json\/wp\/v2\/users\/4"}],"replies":[{"embeddable":true,"href":"https:\/\/justlaser.com.br\/alugueldelasers\/wp-json\/wp\/v2\/comments?post=3127"}],"version-history":[{"count":0,"href":"https:\/\/justlaser.com.br\/alugueldelasers\/wp-json\/wp\/v2\/posts\/3127\/revisions"}],"wp:attachment":[{"href":"https:\/\/justlaser.com.br\/alugueldelasers\/wp-json\/wp\/v2\/media?parent=3127"}],"wp:term":[{"taxonomy":"category","embeddable":true,"href":"https:\/\/justlaser.com.br\/alugueldelasers\/wp-json\/wp\/v2\/categories?post=3127"},{"taxonomy":"post_tag","embeddable":true,"href":"https:\/\/justlaser.com.br\/alugueldelasers\/wp-json\/wp\/v2\/tags?post=3127"}],"curies":[{"name":"wp","href":"https:\/\/api.w.org\/{rel}","templated":true}]}}