{"id":3195,"date":"2022-06-20T15:24:30","date_gmt":"2022-06-20T18:24:30","guid":{"rendered":"https:\/\/justlaser.com.br\/alugueldelasers\/?p=3195"},"modified":"2022-06-20T15:24:30","modified_gmt":"2022-06-20T18:24:30","slug":"lavieen-tenha-em-sua-clinica-o-mais-avancado-sistema-de-laser-fracionado","status":"publish","type":"post","link":"https:\/\/justlaser.com.br\/alugueldelasers\/lavieen-tenha-em-sua-clinica-o-mais-avancado-sistema-de-laser-fracionado\/","title":{"rendered":"Lavieen Tenha em sua cl\u00ednica o mais avan\u00e7ado sistema de laser fracionado!"},"content":{"rendered":"<p><img decoding=\"async\" class=\"alignnone size-medium wp-image-3196\" src=\"https:\/\/justlaser.com.br\/alugueldelasers\/wp-content\/uploads\/2022\/06\/justlaser_06-1-300x300.jpg\" alt=\"\" width=\"300\" height=\"300\" title=\"\" srcset=\"https:\/\/justlaser.com.br\/alugueldelasers\/wp-content\/uploads\/2022\/06\/justlaser_06-1-66x66.jpg 66w, https:\/\/justlaser.com.br\/alugueldelasers\/wp-content\/uploads\/2022\/06\/justlaser_06-1-150x150.jpg 150w, https:\/\/justlaser.com.br\/alugueldelasers\/wp-content\/uploads\/2022\/06\/justlaser_06-1-200x200.jpg 200w, https:\/\/justlaser.com.br\/alugueldelasers\/wp-content\/uploads\/2022\/06\/justlaser_06-1-300x300.jpg 300w, https:\/\/justlaser.com.br\/alugueldelasers\/wp-content\/uploads\/2022\/06\/justlaser_06-1-400x400.jpg 400w, https:\/\/justlaser.com.br\/alugueldelasers\/wp-content\/uploads\/2022\/06\/justlaser_06-1-500x500.jpg 500w, https:\/\/justlaser.com.br\/alugueldelasers\/wp-content\/uploads\/2022\/06\/justlaser_06-1-600x600.jpg 600w, https:\/\/justlaser.com.br\/alugueldelasers\/wp-content\/uploads\/2022\/06\/justlaser_06-1-700x700.jpg 700w, https:\/\/justlaser.com.br\/alugueldelasers\/wp-content\/uploads\/2022\/06\/justlaser_06-1-768x768.jpg 768w, https:\/\/justlaser.com.br\/alugueldelasers\/wp-content\/uploads\/2022\/06\/justlaser_06-1-800x800.jpg 800w, https:\/\/justlaser.com.br\/alugueldelasers\/wp-content\/uploads\/2022\/06\/justlaser_06-1-1024x1024.jpg 1024w, https:\/\/justlaser.com.br\/alugueldelasers\/wp-content\/uploads\/2022\/06\/justlaser_06-1.jpg 1080w\" sizes=\"(max-width: 300px) 100vw, 300px\" \/><\/p>\n<p class=\"p1\">O Lavieen melhora a elasticidade, poros, rugas, textura da pele e uniformiza o tom da pele,<br \/>\ncausando o rejuvenescimento. O laser ainda trata manchas e melasmas, o efeito \u00e9 muito satisfat\u00f3rio<br \/>\npois seus feixes t\u00eam alta afinidade com a \u00e1gua, o que garante a renova\u00e7\u00e3o dos tecidos.O calor do<br \/>\nlaser gera um dano controlado nas camadas da pele, removendo a melanina de pigmenta\u00e7\u00f5es em<br \/>\nexcesso e trazendo mais brilho \u00e0 epiderme. Al\u00e9m disso, substitui ou reduz toda a rotina skin-care di\u00e1ria.<\/p>\n","protected":false},"excerpt":{"rendered":"<p>O Lavieen melhora a elasticidade, poros, rugas, textura da pele e uniformiza o tom [&hellip;]<\/p>\n","protected":false},"author":4,"featured_media":0,"comment_status":"open","ping_status":"open","sticky":false,"template":"","format":"standard","meta":{"footnotes":""},"categories":[1],"tags":[],"_links":{"self":[{"href":"https:\/\/justlaser.com.br\/alugueldelasers\/wp-json\/wp\/v2\/posts\/3195"}],"collection":[{"href":"https:\/\/justlaser.com.br\/alugueldelasers\/wp-json\/wp\/v2\/posts"}],"about":[{"href":"https:\/\/justlaser.com.br\/alugueldelasers\/wp-json\/wp\/v2\/types\/post"}],"author":[{"embeddable":true,"href":"https:\/\/justlaser.com.br\/alugueldelasers\/wp-json\/wp\/v2\/users\/4"}],"replies":[{"embeddable":true,"href":"https:\/\/justlaser.com.br\/alugueldelasers\/wp-json\/wp\/v2\/comments?post=3195"}],"version-history":[{"count":0,"href":"https:\/\/justlaser.com.br\/alugueldelasers\/wp-json\/wp\/v2\/posts\/3195\/revisions"}],"wp:attachment":[{"href":"https:\/\/justlaser.com.br\/alugueldelasers\/wp-json\/wp\/v2\/media?parent=3195"}],"wp:term":[{"taxonomy":"category","embeddable":true,"href":"https:\/\/justlaser.com.br\/alugueldelasers\/wp-json\/wp\/v2\/categories?post=3195"},{"taxonomy":"post_tag","embeddable":true,"href":"https:\/\/justlaser.com.br\/alugueldelasers\/wp-json\/wp\/v2\/tags?post=3195"}],"curies":[{"name":"wp","href":"https:\/\/api.w.org\/{rel}","templated":true}]}}