{"id":3197,"date":"2022-06-20T15:26:37","date_gmt":"2022-06-20T18:26:37","guid":{"rendered":"https:\/\/justlaser.com.br\/alugueldelasers\/?p=3197"},"modified":"2022-06-20T15:26:37","modified_gmt":"2022-06-20T18:26:37","slug":"vzet-e-igual-ao-ultraformer-sem-consumivel","status":"publish","type":"post","link":"https:\/\/justlaser.com.br\/alugueldelasers\/vzet-e-igual-ao-ultraformer-sem-consumivel\/","title":{"rendered":"VZet \u00e9 igual ao Ultraformer sem consum\u00edvel?!"},"content":{"rendered":"<p><img decoding=\"async\" class=\"alignnone size-medium wp-image-3198\" src=\"https:\/\/justlaser.com.br\/alugueldelasers\/wp-content\/uploads\/2022\/06\/justlaser_08-300x300.jpg\" alt=\"\" width=\"300\" height=\"300\" title=\"\" srcset=\"https:\/\/justlaser.com.br\/alugueldelasers\/wp-content\/uploads\/2022\/06\/justlaser_08-66x66.jpg 66w, https:\/\/justlaser.com.br\/alugueldelasers\/wp-content\/uploads\/2022\/06\/justlaser_08-150x150.jpg 150w, https:\/\/justlaser.com.br\/alugueldelasers\/wp-content\/uploads\/2022\/06\/justlaser_08-200x200.jpg 200w, https:\/\/justlaser.com.br\/alugueldelasers\/wp-content\/uploads\/2022\/06\/justlaser_08-300x300.jpg 300w, https:\/\/justlaser.com.br\/alugueldelasers\/wp-content\/uploads\/2022\/06\/justlaser_08-400x400.jpg 400w, https:\/\/justlaser.com.br\/alugueldelasers\/wp-content\/uploads\/2022\/06\/justlaser_08-500x500.jpg 500w, https:\/\/justlaser.com.br\/alugueldelasers\/wp-content\/uploads\/2022\/06\/justlaser_08-600x600.jpg 600w, https:\/\/justlaser.com.br\/alugueldelasers\/wp-content\/uploads\/2022\/06\/justlaser_08-700x700.jpg 700w, https:\/\/justlaser.com.br\/alugueldelasers\/wp-content\/uploads\/2022\/06\/justlaser_08-768x768.jpg 768w, https:\/\/justlaser.com.br\/alugueldelasers\/wp-content\/uploads\/2022\/06\/justlaser_08-800x800.jpg 800w, https:\/\/justlaser.com.br\/alugueldelasers\/wp-content\/uploads\/2022\/06\/justlaser_08-1024x1024.jpg 1024w, https:\/\/justlaser.com.br\/alugueldelasers\/wp-content\/uploads\/2022\/06\/justlaser_08.jpg 1080w\" sizes=\"(max-width: 300px) 100vw, 300px\" \/><\/p>\n<p class=\"p1\">Uma d\u00favida muito comum entre as pessoas que optam pelo aluguel do Vzet ou pelo aluguel do Ultraformer, \u00e9 como colocar cada uma destas m\u00e1quinas em sua pr\u00e1tica di\u00e1ria. O Vzet \u00e9<br \/>\nigual a um Ultraformer, mas sem consum\u00edvel? N\u00e3o. Ele n\u00e3o tem a pot\u00eancia e nem a entrega de resultados no combate \u00e0 flacidez que tem o Ultraformer.<\/p>\n<p>O Ultraformer causa pontos de coagula\u00e7\u00f5es sequenciais como todo ultrassom microfocado. O Vzet trabalha com ultrassom microfocado em v\u00f3rtex, n\u00e3o causa coagula\u00e7\u00e3o, nem necroses de coagula\u00e7\u00e3o em nenhum tipo de \u00e1rea. Salvo se trabalhar com ele parado. Mas o Vzet \u00e9 trabalhado de uma maneira din\u00e2mica, movimentando e aquecendo em vortex toda regi\u00e3o tratada. Parado ele pode QUEIMAR A PELE. Ele tem um excelente efeito para o tratamento da flacidez, mas tem um efeito inferior ao efeito do Ultraformer. Pode ser usado isolado ou em combina\u00e7\u00e3o com tratamentos de Ultraformer e demais tratamentos faciais para a melhora da flacidez. Mas voc\u00ea n\u00e3o deve entender ele como \u201c um Ultraformer sem consum\u00edvel\u201d.<\/p>\n<p class=\"p1\">O Vzet tem a grande vantagem de n\u00e3o ter consum\u00edvel, mas deve ser aplicado com cuidado pois<br \/>\ntamb\u00e9m pode queimar a pele. Converse com a equipe da Just Laser para saber mais sobre o<br \/>\ntreinamento do Vzet para sua equipe, pois a loca\u00e7\u00e3o do VZET pode te ajudar muito no combate da<br \/>\nflacidez facial e corporal de seus pacientes.<\/p>\n","protected":false},"excerpt":{"rendered":"<p>Uma d\u00favida muito comum entre as pessoas que optam pelo aluguel do Vzet ou [&hellip;]<\/p>\n","protected":false},"author":4,"featured_media":0,"comment_status":"open","ping_status":"open","sticky":false,"template":"","format":"standard","meta":{"footnotes":""},"categories":[1],"tags":[],"_links":{"self":[{"href":"https:\/\/justlaser.com.br\/alugueldelasers\/wp-json\/wp\/v2\/posts\/3197"}],"collection":[{"href":"https:\/\/justlaser.com.br\/alugueldelasers\/wp-json\/wp\/v2\/posts"}],"about":[{"href":"https:\/\/justlaser.com.br\/alugueldelasers\/wp-json\/wp\/v2\/types\/post"}],"author":[{"embeddable":true,"href":"https:\/\/justlaser.com.br\/alugueldelasers\/wp-json\/wp\/v2\/users\/4"}],"replies":[{"embeddable":true,"href":"https:\/\/justlaser.com.br\/alugueldelasers\/wp-json\/wp\/v2\/comments?post=3197"}],"version-history":[{"count":0,"href":"https:\/\/justlaser.com.br\/alugueldelasers\/wp-json\/wp\/v2\/posts\/3197\/revisions"}],"wp:attachment":[{"href":"https:\/\/justlaser.com.br\/alugueldelasers\/wp-json\/wp\/v2\/media?parent=3197"}],"wp:term":[{"taxonomy":"category","embeddable":true,"href":"https:\/\/justlaser.com.br\/alugueldelasers\/wp-json\/wp\/v2\/categories?post=3197"},{"taxonomy":"post_tag","embeddable":true,"href":"https:\/\/justlaser.com.br\/alugueldelasers\/wp-json\/wp\/v2\/tags?post=3197"}],"curies":[{"name":"wp","href":"https:\/\/api.w.org\/{rel}","templated":true}]}}