{"id":88,"date":"2015-02-08T19:34:25","date_gmt":"2015-02-08T19:34:25","guid":{"rendered":"http:\/\/alugueldelasers.com.br.s197594.gridserver.com\/?p=88"},"modified":"2015-02-08T19:34:25","modified_gmt":"2015-02-08T19:34:25","slug":"laser-co2-beleza-pura","status":"publish","type":"post","link":"https:\/\/justlaser.com.br\/alugueldelasers\/laser-co2-beleza-pura\/","title":{"rendered":"Laser Fracionados Ablativos de Co2 e  \u00c9rbium"},"content":{"rendered":"<p><a href=\"http:\/\/alugueldelasers.com.br.s197594.gridserver.com\/wp-content\/uploads\/2015\/02\/ALUGUEL-LASER-CO2-FRACIOANDO.jpg\" target=\"_blank\" rel=\"noopener\"><img decoding=\"async\" class=\"alignnone size-medium wp-image-80\" src=\"http:\/\/alugueldelasers.com.br.s197594.gridserver.com\/wp-content\/uploads\/2015\/02\/ALUGUEL-LASER-CO2-FRACIOANDO-300x169.jpg\" alt=\"ALUGUEL LASER CO2 FRACIOANDO\" width=\"300\" height=\"169\" title=\"\"><\/a><\/p>\n<p>Atrav\u00e9s do fracionamento dos lasers ablativos, a dermatologia avan\u00e7ou um grande salto com os lasers de Co2 fracionados e Erbium-Yag (Er-Yag 2940).<\/p>\n<p>Menos dolorido e com maior\u00a0afinidade pela \u00e1gua, o laser de Erbium fracionado \u00e9 uma excelente op\u00e7\u00e3o para os pacientes que buscam um laser fracionado mas n\u00e3o querem o maior tempo de recupera\u00e7\u00e3o do laser fracionado \u00a0de Co2, e tamb\u00e9m os pacientes que n\u00e3o toleram a dor do Co2 fracionado.<\/p>\n<p>Lembre-se quando procurar um laser fracionado: \u00a0Co2 fracionado pode ir mais fundo, no entanto d\u00f3i bem mais a aplica\u00e7\u00e3o, e tempo de recupera\u00e7\u00e3o maior do paciente.<\/p>\n<p>Temos op\u00e7\u00f5es de lasers fracionadosablativos \u00a0e n\u00e3o-ablativos para voc\u00ea, quando precisar de laser para aluguel ou\u00a0loca\u00e7\u00e3o, na grande S\u00e3o Paulo.<\/p>\n","protected":false},"excerpt":{"rendered":"<p>Atrav\u00e9s do fracionamento dos lasers ablativos, a dermatologia avan\u00e7ou um grande salto com os [&hellip;]<\/p>\n","protected":false},"author":1,"featured_media":80,"comment_status":"open","ping_status":"open","sticky":false,"template":"","format":"standard","meta":{"footnotes":""},"categories":[1],"tags":[],"_links":{"self":[{"href":"https:\/\/justlaser.com.br\/alugueldelasers\/wp-json\/wp\/v2\/posts\/88"}],"collection":[{"href":"https:\/\/justlaser.com.br\/alugueldelasers\/wp-json\/wp\/v2\/posts"}],"about":[{"href":"https:\/\/justlaser.com.br\/alugueldelasers\/wp-json\/wp\/v2\/types\/post"}],"author":[{"embeddable":true,"href":"https:\/\/justlaser.com.br\/alugueldelasers\/wp-json\/wp\/v2\/users\/1"}],"replies":[{"embeddable":true,"href":"https:\/\/justlaser.com.br\/alugueldelasers\/wp-json\/wp\/v2\/comments?post=88"}],"version-history":[{"count":0,"href":"https:\/\/justlaser.com.br\/alugueldelasers\/wp-json\/wp\/v2\/posts\/88\/revisions"}],"wp:featuredmedia":[{"embeddable":true,"href":"https:\/\/justlaser.com.br\/alugueldelasers\/wp-json\/"}],"wp:attachment":[{"href":"https:\/\/justlaser.com.br\/alugueldelasers\/wp-json\/wp\/v2\/media?parent=88"}],"wp:term":[{"taxonomy":"category","embeddable":true,"href":"https:\/\/justlaser.com.br\/alugueldelasers\/wp-json\/wp\/v2\/categories?post=88"},{"taxonomy":"post_tag","embeddable":true,"href":"https:\/\/justlaser.com.br\/alugueldelasers\/wp-json\/wp\/v2\/tags?post=88"}],"curies":[{"name":"wp","href":"https:\/\/api.w.org\/{rel}","templated":true}]}}